{"id":348,"date":"2025-10-25T20:49:59","date_gmt":"2025-10-25T20:49:59","guid":{"rendered":"https:\/\/gustavogatica.cl\/?p=348"},"modified":"2025-10-25T23:04:44","modified_gmt":"2025-10-25T23:04:44","slug":"la-nueva-batalla-de-gustavo-gatica","status":"publish","type":"post","link":"https:\/\/gustavogatica.cl\/?p=348","title":{"rendered":"La nueva batalla de Gustavo Gatica"},"content":{"rendered":"<p>[et_pb_section fb_built=\u00bb1&#8243; _builder_version=\u00bb4.27.4&#8243; _module_preset=\u00bbdefault\u00bb global_colors_info=\u00bb{}\u00bb][et_pb_row _builder_version=\u00bb4.27.4&#8243; _module_preset=\u00bbdefault\u00bb global_colors_info=\u00bb{}\u00bb][et_pb_column type=\u00bb4_4&#8243; _builder_version=\u00bb4.27.4&#8243; _module_preset=\u00bbdefault\u00bb global_colors_info=\u00bb{}\u00bb][et_pb_text _builder_version=\u00bb4.27.4&#8243; _module_preset=\u00bbdefault\u00bb global_colors_info=\u00bb{}\u00bb]<\/p>\n<p>Por :<\/p>\n<div class=\"a_md_a\" data-dtm-region=\"articulo_firma\"><a href=\"https:\/\/elpais.com\/autor\/antonia-laborde-barrenechea\/#?rel=author_top\" title=\"Ver todas las noticias de Antonia Laborde\" class=\"a_md_a_n\" data-mrf-link=\"https:\/\/elpais.com\/autor\/antonia-laborde-barrenechea\/\" cmp-ltrk=\"articulo_firma\" cmp-ltrk-idx=\"0\" mrfobservableid=\"f5f7c156-aeab-4776-a72e-117fe2e7c776\">Antonia Laborde<\/a><\/div>\n<div class=\"a_md_f\"><span>Santiago de Chile &#8211;\u00a0<a href=\"https:\/\/elpais.com\/hemeroteca\/2025-10-18\/\" data-date=\"2025-10-18T11:30:00+02:00\">18\u00a0<abbr title=\"octubre\">OCT<\/abbr>\u00a02025 &#8211; 06:30<abbr title=\"Chile Summer Time\">\u00a0CLST<\/abbr><\/a><br \/>https:\/\/elpais.com\/chile<br \/><\/span><\/div>\n<p>[\/et_pb_text][et_pb_text _builder_version=\u00bb4.27.4&#8243; _module_preset=\u00bbdefault\u00bb text_font=\u00bbAssistant||||||||\u00bb text_text_color=\u00bb#000000&#8243; text_font_size=\u00bb20px\u00bb text_line_height=\u00bb1.8em\u00bb hover_enabled=\u00bb0&#8243; global_colors_info=\u00bb{}\u00bb sticky_enabled=\u00bb0&#8243;]<\/p>\n<p>Uno de los cientos de miles de j\u00f3venes que salieron a protestar a la calle durante el estallido social de 2019 en Chile fue Gustavo Gatica. Entonces era un chico de 22 a\u00f1os que cursaba tercer a\u00f1o de psicolog\u00eda, viv\u00eda con sus padres \u2014ambos profesores\u2014 en una villa en Colina, al norte de Santiago, y se entreten\u00eda tomando fotos con una c\u00e1mara reci\u00e9n adquirida. Le interesaba la pol\u00edtica, pero no le seduc\u00eda militar en ning\u00fan partido. El 8 de noviembre fue a manifestarse a Plaza Italia, dice que lo hizo en contra la desigualdad que ve\u00eda en una sociedad donde, seg\u00fan \u00e9l, unos pocos se reparten el grueso de los recursos, mientras otros se quedaban sin educaci\u00f3n por no tener dinero. En medio de las revueltas, se uni\u00f3 a un grupo que estaba lanzando piedras y \u00e9l tambi\u00e9n lanz\u00f3 una hacia el interior de la calle Carabineros de Chile. Cuando iba a repetir la acci\u00f3n, un agente de la polic\u00eda le dispar\u00f3 unos perdigones que inmediatamente lo dejaron ciego. A seis a\u00f1os de lo ocurrido, Gatica, de 28 y con unos a\u00f1os de experiencia como terapeuta, da un paso a la arena pol\u00edtica como candidato independiente apoyado por el Partido Comunista en el distrito 8 de la capital. Iba a postular por el Frente Amplio (FA) \u2014incluso el presidente Gabriel Boric lo llam\u00f3 para felicitarlo\u2014, pero finalmente el comit\u00e9 central de esa formaci\u00f3n opt\u00f3 por presentar a una de sus militantes.<\/p>\n<p>Gatica es una v\u00edctima emblem\u00e1tica de las \u201cgraves violaciones a los derechos humanos\u201d cometidas por las fuerzas policiales durante el estallido social, seg\u00fan lo constatado por varios organismos internacionales. Un informe publicado este viernes por la Fiscal\u00eda Nacional arroja que 464 personas sufrieron traumas oculares durante los cinco meses de protestas, en los que se cometieron poco m\u00e1s de 35.000 delitos, principalmente de violencia institucional, saqueos y des\u00f3rdenes p\u00fablicos. \u201cSiempre es necesario condenar los hechos de violencia, creo que nadie quisiera que ocurrieran\u201d, sostiene Gatica en el departamento de una integrante de su equipo de campa\u00f1a. \u201cPor cierto, a m\u00ed lo que me pas\u00f3 fue profundamente violento\u201d, a\u00f1ade. Los desmanes ocurridos los atribuye, desde su perspectiva psicol\u00f3gica, a una sociedad sin apego, que hoy tiene como desaf\u00edo volver a construir algo en com\u00fan para querer la ciudad en la que se vive.<\/p>\n<p>En el sexto aniversario del estallido social, que arranc\u00f3 un 18 de octubre, el apoyo ciudadano a las manifestaciones se ubica en el 23%, muy lejos del 55% que lo respald\u00f3 en 2019.<\/p>\n<p>El candidato concede esta entrevista sin referirse al juicio contra el retirado coronel de las Fuerzas Especiales de Carabineros, Claudio Crespo, imputado por el delito de apremios ileg\u00edtimos con resultado de lesiones graves grav\u00edsimas contra \u00e9l. La decisi\u00f3n de guardar silencio es un consejo de su abogado. Gatica es templado y de sonrisa f\u00e1cil.<\/p>\n<p>[\/et_pb_text][\/et_pb_column][\/et_pb_row][et_pb_row _builder_version=\u00bb4.27.4&#8243; _module_preset=\u00bbdefault\u00bb global_colors_info=\u00bb{}\u00bb][et_pb_column type=\u00bb4_4&#8243; _builder_version=\u00bb4.27.4&#8243; _module_preset=\u00bbdefault\u00bb global_colors_info=\u00bb{}\u00bb][dsm_image_accordion _builder_version=\u00bb4.27.4&#8243; _module_preset=\u00bbdefault\u00bb global_colors_info=\u00bb{}\u00bb][dsm_image_accordion_child image_accordion_src=\u00bbhttps:\/\/gustavogatica.cl\/wp-content\/uploads\/2025\/10\/vWldbkyUQGuV8y8gbYehW4o6zZXxLK85NA8YDeGp.jpg\u00bb _builder_version=\u00bb4.27.4&#8243; _module_preset=\u00bbdefault\u00bb global_colors_info=\u00bb{}\u00bb][\/dsm_image_accordion_child][dsm_image_accordion_child image_accordion_src=\u00bbhttps:\/\/gustavogatica.cl\/wp-content\/uploads\/2025\/10\/VFIC5ZAM5RGMNIPCS4TODPC534.avif\u00bb _builder_version=\u00bb4.27.4&#8243; _module_preset=\u00bbdefault\u00bb global_colors_info=\u00bb{}\u00bb][\/dsm_image_accordion_child][dsm_image_accordion_child image_accordion_src=\u00bbhttps:\/\/gustavogatica.cl\/wp-content\/uploads\/2025\/10\/WhatsApp-Image-2025-10-22-at-12.39.52.jpeg\u00bb _builder_version=\u00bb4.27.4&#8243; _module_preset=\u00bbdefault\u00bb global_colors_info=\u00bb{}\u00bb][\/dsm_image_accordion_child][\/dsm_image_accordion][et_pb_text _builder_version=\u00bb4.27.4&#8243; _module_preset=\u00bbdefault\u00bb text_font=\u00bbAssistant||||||||\u00bb text_text_color=\u00bb#000000&#8243; text_font_size=\u00bb20px\u00bb text_line_height=\u00bb1.8em\u00bb hover_enabled=\u00bb0&#8243; global_colors_info=\u00bb{}\u00bb sticky_enabled=\u00bb0&#8243;]<\/p>\n<p>Desde el trauma que sufri\u00f3, dice que ha recibido mucho cari\u00f1o en las calles. En un principio le choc\u00f3 convertirse en una figura p\u00fablica sin buscarlo, pero vino la pandemia, y con el encierro, un tiempo para rearmarse. Segu\u00eda viviendo con sus padres, continu\u00f3 con sus estudios y arranc\u00f3 una terapia que contin\u00faa hasta la actualidad. Aprendi\u00f3 a cocinar a oscuras, a utilizar el tel\u00e9fono m\u00f3vil y el iPad, que le dicta en voz alta los textos que aparecen en pantalla. Como su nueva vida la hizo en medio del encierro por la crisis sanitaria, lo que m\u00e1s le ha costado es moverse solo por la calle. No ha tenido depresi\u00f3n, pero s\u00ed episodios depresivos, que duran unas semanas.<\/p>\n<p><strong>\u201cLa izquierda debe construir relatos que le hagan sentido a las personas\u201d<br \/><\/strong>Para \u00e9l, el estallido social fue una expresi\u00f3n de malestar que ven\u00eda cuajando hace a\u00f1os y que daba se\u00f1ales en las calles con las protestas escolares, luego las estudiantiles o las marchas feministas. Los casos de corrupci\u00f3n de grandes empresas conocidos esos a\u00f1os, sumado a las alzas del transporte p\u00fablico durante el Gobierno de Sebasti\u00e1n Pi\u00f1era (2010-2014, 2018-2022) sirvieron de caldo de cultivo para la molestia acumulada. \u201cTras la marcha del mill\u00f3n de personas, creo que ca\u00edmos en el error, y me incluyo, de pensar que toda la gente pensaba igual, la protesta se ve\u00eda un solo color, pero si uno hac\u00eda un zoom, hab\u00eda cientos de matices\u201d. La salida pol\u00edtica que se le dio al estallido la ve \u201crazonable\u201d y atribuye el fracaso del primer proceso constitucional, liderado por las izquierdas y que \u00e9l aprob\u00f3 entusiasmado, a \u201cquienes est\u00e1n llamados a representar ciertos grupos no lo representaron de forma correcta\u201d. \u201cPareciera que los procesos constituyentes eran una agrupaci\u00f3n de diferentes demandas no articuladas en un proyecto com\u00fan\u201d, agrega.<\/p>\n<p>El Chile de hoy, distinto al del estallido, lo ve con anhelos de cambio. Pero, a ra\u00edz de los propios fracasos por cambiar la Constituci\u00f3n, cree que la gente est\u00e1 \u201cmenos entusiasmada con que las cosas puedan cambiar efectivamente\u201d y que la izquierda tiene ah\u00ed el desaf\u00edo de lograr volver a convencerlos. \u201cSiento un Chile m\u00e1s desesperanzado, con m\u00e1s miedo, tal vez a prop\u00f3sito de esta agenda de seguridad de la derecha que intenta instalar el miedo\u201d, dice el psic\u00f3logo, que trabaja en la unidad de v\u00edctimas de una defensor\u00eda penal en Estaci\u00f3n Central, un municipio cercano al centro de Santiago. Est\u00e1 de acuerdo con la necesidad de una mayor dotaci\u00f3n policial y m\u00e1s inteligencia para combatir el narcotr\u00e1fico, el crimen organizado, pero tambi\u00e9n considera relevante construir comunidades. \u201cCreo que la gente hoy en d\u00eda tambi\u00e9n se siente insegura porque est\u00e1 m\u00e1s sola, no convive con el vecino\u201d.<\/p>\n<p>Cuando queda un mes para las elecciones presidenciales, con la comunista Jeannette Jara como candidata \u00fanica del oficialismo m\u00e1s la Democracia Cristiana, y el republicano Jos\u00e9 Antonio Kast, de la extrema derecha, liderando los sondeos, Gatica postula que la ciudadan\u00eda hoy ya no vota por izquierda o derecha, sino que guiado por las emociones. \u201cAntes, si t\u00fa votabas por el presidenciable socialista, por ejemplo, ibas a votar por esa lista parlamentaria tambi\u00e9n, y eso ya no existe para m\u00ed\u201d, afirma. \u00c9l, que hizo campa\u00f1a por Gabriel Boric en 2021, vot\u00f3 en las elecciones primarias de la izquierda por Jara y no por el candidato del Frente Amplio, Gonzalo Winter. Tiene una buena impresi\u00f3n de los avances de la actual Administraci\u00f3n \u201ccon las herramientas que hab\u00eda\u201d \u2014un Congreso en el que no tiene mayor\u00eda, dice\u2014, aunque en materia de derechos humanos sostiene que \u201cqued\u00f3 con muchas deudas\u201d.<br \/><span style=\"font-size: 20px;\"><br \/>Gatica habla del aporte que puede hacer desde el Congreso: su origen popular y el compromiso a que el eje central de su trabajo, sin ser exclusivo, sea la salud mental: \u201cImprimirla en cualquier pol\u00edtica p\u00fablica que haya en el Congreso\u201d.<\/span><\/p>\n<p>Sobre las razones de porqu\u00e9 cree que la suma de los tres candidatos de las derechas suman m\u00e1s de la mitad de los apoyos en las encuestas, responde que para entender ese proceso hay que observar a la izquierda. \u201cTenemos que construir relatos que le hagan sentido a las personas. \u00bfPor qu\u00e9 a pesar de que este Gobierno ha invertido tanto en seguridad a nivel de proyecto, de recursos, a\u00fan la gente no logra darse cuenta que a la izquierda s\u00ed le importa la seguridad? Ese relato tenemos que saber instalarlo\u201d, afirma. Y subraya que en su candidatura hablan de que la seguridad es un derecho social y es habilitante de otros derechos, como la salud, la educaci\u00f3n, una buena calidad de vida en los barrios. \u201cNecesitamos estar seguros primero que nada\u201d, afirma con un discurso que tambi\u00e9n se escucha en las candidaturas de las derechas.<\/p>\n<p>[\/et_pb_text][\/et_pb_column][\/et_pb_row][\/et_pb_section]<\/p>\n","protected":false},"excerpt":{"rendered":"<p>Publicamos entrevista completa del Diario El Pais, a Gustavo Gatica y su apuesta de representaci\u00f3n al Parlamento por el Distrito 8<br \/>\nPublicada el 18 de Octubre de 2025 y en esta entrevista podemos conocer m\u00e1s de Gustavo y sus aspiraciones y motivaciones que lo llevan a asumir esta responsabilidad.<\/p>\n","protected":false},"author":1,"featured_media":349,"comment_status":"open","ping_status":"open","sticky":false,"template":"","format":"standard","meta":{"_et_pb_use_builder":"on","_et_pb_old_content":"","_et_gb_content_width":"1080","footnotes":""},"categories":[1],"tags":[],"class_list":["post-348","post","type-post","status-publish","format-standard","has-post-thumbnail","hentry","category-uncategorized"],"_links":{"self":[{"href":"https:\/\/gustavogatica.cl\/index.php?rest_route=\/wp\/v2\/posts\/348","targetHints":{"allow":["GET"]}}],"collection":[{"href":"https:\/\/gustavogatica.cl\/index.php?rest_route=\/wp\/v2\/posts"}],"about":[{"href":"https:\/\/gustavogatica.cl\/index.php?rest_route=\/wp\/v2\/types\/post"}],"author":[{"embeddable":true,"href":"https:\/\/gustavogatica.cl\/index.php?rest_route=\/wp\/v2\/users\/1"}],"replies":[{"embeddable":true,"href":"https:\/\/gustavogatica.cl\/index.php?rest_route=%2Fwp%2Fv2%2Fcomments&post=348"}],"version-history":[{"count":12,"href":"https:\/\/gustavogatica.cl\/index.php?rest_route=\/wp\/v2\/posts\/348\/revisions"}],"predecessor-version":[{"id":379,"href":"https:\/\/gustavogatica.cl\/index.php?rest_route=\/wp\/v2\/posts\/348\/revisions\/379"}],"wp:featuredmedia":[{"embeddable":true,"href":"https:\/\/gustavogatica.cl\/index.php?rest_route=\/wp\/v2\/media\/349"}],"wp:attachment":[{"href":"https:\/\/gustavogatica.cl\/index.php?rest_route=%2Fwp%2Fv2%2Fmedia&parent=348"}],"wp:term":[{"taxonomy":"category","embeddable":true,"href":"https:\/\/gustavogatica.cl\/index.php?rest_route=%2Fwp%2Fv2%2Fcategories&post=348"},{"taxonomy":"post_tag","embeddable":true,"href":"https:\/\/gustavogatica.cl\/index.php?rest_route=%2Fwp%2Fv2%2Ftags&post=348"}],"curies":[{"name":"wp","href":"https:\/\/api.w.org\/{rel}","templated":true}]}}